{"id":4382,"date":"2026-08-31T14:35:19","date_gmt":"2026-08-31T12:35:19","guid":{"rendered":"https:\/\/aegef.es\/?p=4382"},"modified":"2026-08-31T14:45:02","modified_gmt":"2026-08-31T12:45:02","slug":"el-alumnado-de-fp-crece-un-25-hasta-superar-los-12-millones-de-matriculados-y-marca-un-nuevo-record-2","status":"publish","type":"post","link":"https:\/\/aegef.es\/?p=4382","title":{"rendered":"La FP Dual se enfrenta al reto de implicar a las pymes y garantizar una formaci\u00f3n en empresa m\u00e1s inclusiva"},"content":{"rendered":"<p>[et_pb_section fb_built=\u00bb1&#8243; _builder_version=\u00bb4.27.4&#8243; _module_preset=\u00bbdefault\u00bb global_colors_info=\u00bb{}\u00bb][et_pb_row _builder_version=\u00bb4.27.4&#8243; _module_preset=\u00bbdefault\u00bb custom_padding=\u00bb31px|||||\u00bb global_colors_info=\u00bb{}\u00bb][et_pb_column type=\u00bb4_4&#8243; _builder_version=\u00bb4.27.4&#8243; _module_preset=\u00bbdefault\u00bb global_colors_info=\u00bb{}\u00bb][et_pb_text _builder_version=\u00bb4.27.5&#8243; _module_preset=\u00bbdefault\u00bb custom_padding=\u00bb||29px|||\u00bb hover_enabled=\u00bb0&#8243; global_colors_info=\u00bb{}\u00bb sticky_enabled=\u00bb0&#8243;]<\/p>\n<p>El diagn\u00f3stico apunta a que la transformaci\u00f3n de la FP no depende \u00fanicamente de ampliar el n\u00famero de plazas disponibles en las empresas. El verdadero desaf\u00edo consiste en construir una relaci\u00f3n estable entre centros educativos y tejido productivo, capaz de responder a las necesidades de ambas partes.<\/p>\n<p>[\/et_pb_text][\/et_pb_column][\/et_pb_row][et_pb_row _builder_version=\u00bb4.27.4&#8243; _module_preset=\u00bbdefault\u00bb global_colors_info=\u00bb{}\u00bb][et_pb_column type=\u00bb4_4&#8243; _builder_version=\u00bb4.27.4&#8243; _module_preset=\u00bbdefault\u00bb global_colors_info=\u00bb{}\u00bb][et_pb_button button_url=\u00bbhttps:\/\/exitoeducativo.net\/formacion-profesional\/la-fp-dual-se-enfrenta-al-reto-de-implicar-a-las-pymes-y-garantizar-una-formacion-en-empresa-mas-inclusiva\u00bb url_new_window=\u00bbon\u00bb button_text=\u00bbLeer m\u00e1s\u00bb button_alignment=\u00bbcenter\u00bb _builder_version=\u00bb4.27.5&#8243; _module_preset=\u00bbdefault\u00bb hover_enabled=\u00bb0&#8243; global_colors_info=\u00bb{}\u00bb sticky_enabled=\u00bb0&#8243;][\/et_pb_button][\/et_pb_column][\/et_pb_row][\/et_pb_section]<\/p>\n","protected":false},"excerpt":{"rendered":"<p>El diagn\u00f3stico apunta a que la transformaci\u00f3n de la FP no depende \u00fanicamente de ampliar el n\u00famero de plazas disponibles en las empresas. El verdadero desaf\u00edo consiste en construir una relaci\u00f3n estable entre centros educativos y tejido productivo, capaz de responder a las necesidades de ambas partes.<\/p>\n","protected":false},"author":4,"featured_media":4380,"comment_status":"closed","ping_status":"open","sticky":false,"template":"","format":"standard","meta":{"_et_pb_use_builder":"on","_et_pb_old_content":"","_et_gb_content_width":"","inline_featured_image":false,"_monsterinsights_skip_tracking":false,"_monsterinsights_sitenote_active":false,"_monsterinsights_sitenote_note":"","_monsterinsights_sitenote_category":0,"footnotes":""},"categories":[2],"tags":[],"class_list":["post-4382","post","type-post","status-publish","format-standard","has-post-thumbnail","hentry","category-noticias"],"_links":{"self":[{"href":"https:\/\/aegef.es\/index.php?rest_route=\/wp\/v2\/posts\/4382","targetHints":{"allow":["GET"]}}],"collection":[{"href":"https:\/\/aegef.es\/index.php?rest_route=\/wp\/v2\/posts"}],"about":[{"href":"https:\/\/aegef.es\/index.php?rest_route=\/wp\/v2\/types\/post"}],"author":[{"embeddable":true,"href":"https:\/\/aegef.es\/index.php?rest_route=\/wp\/v2\/users\/4"}],"replies":[{"embeddable":true,"href":"https:\/\/aegef.es\/index.php?rest_route=%2Fwp%2Fv2%2Fcomments&post=4382"}],"version-history":[{"count":4,"href":"https:\/\/aegef.es\/index.php?rest_route=\/wp\/v2\/posts\/4382\/revisions"}],"predecessor-version":[{"id":4387,"href":"https:\/\/aegef.es\/index.php?rest_route=\/wp\/v2\/posts\/4382\/revisions\/4387"}],"wp:featuredmedia":[{"embeddable":true,"href":"https:\/\/aegef.es\/index.php?rest_route=\/wp\/v2\/media\/4380"}],"wp:attachment":[{"href":"https:\/\/aegef.es\/index.php?rest_route=%2Fwp%2Fv2%2Fmedia&parent=4382"}],"wp:term":[{"taxonomy":"category","embeddable":true,"href":"https:\/\/aegef.es\/index.php?rest_route=%2Fwp%2Fv2%2Fcategories&post=4382"},{"taxonomy":"post_tag","embeddable":true,"href":"https:\/\/aegef.es\/index.php?rest_route=%2Fwp%2Fv2%2Ftags&post=4382"}],"curies":[{"name":"wp","href":"https:\/\/api.w.org\/{rel}","templated":true}]}}