{"id":5041,"date":"2026-09-02T15:03:07","date_gmt":"2026-09-02T13:03:07","guid":{"rendered":"https:\/\/aegef.es\/?p=5041"},"modified":"2026-09-02T15:03:26","modified_gmt":"2026-09-02T13:03:26","slug":"el-gobierno-aprueba-medidas-extraordinarias-en-materia-laboral-para-apoyar-la-formacion-y-la-contratacion-en-ceuta","status":"publish","type":"post","link":"https:\/\/aegef.es\/?p=5041","title":{"rendered":"El Gobierno aprueba medidas extraordinarias en materia laboral para apoyar la formaci\u00f3n y la contrataci\u00f3n en Ceuta"},"content":{"rendered":"<p>[et_pb_section fb_built=\u00bb1&#8243; _builder_version=\u00bb4.27.4&#8243; _module_preset=\u00bbdefault\u00bb global_colors_info=\u00bb{}\u00bb][et_pb_row _builder_version=\u00bb4.27.4&#8243; _module_preset=\u00bbdefault\u00bb custom_padding=\u00bb31px|||||\u00bb global_colors_info=\u00bb{}\u00bb][et_pb_column type=\u00bb4_4&#8243; _builder_version=\u00bb4.27.4&#8243; _module_preset=\u00bbdefault\u00bb global_colors_info=\u00bb{}\u00bb][et_pb_text _builder_version=\u00bb4.27.5&#8243; _module_preset=\u00bbdefault\u00bb custom_padding=\u00bb||29px|||\u00bb global_colors_info=\u00bb{}\u00bb]<\/p>\n<p><span>El Consejo de Ministras y Ministros ha aprobado, a propuesta del Ministerio de Trabajo y Econom\u00eda Social, medidas extraordinarias espec\u00edficas para Ceuta para proteger a las personas trabajadoras y el tejido productivo de los efectos de la situaci\u00f3n que se vive en la ciudad aut\u00f3noma desde el 30 de julio.<\/span><\/p>\n<p>[\/et_pb_text][\/et_pb_column][\/et_pb_row][et_pb_row _builder_version=\u00bb4.27.4&#8243; _module_preset=\u00bbdefault\u00bb global_colors_info=\u00bb{}\u00bb][et_pb_column type=\u00bb4_4&#8243; _builder_version=\u00bb4.27.4&#8243; _module_preset=\u00bbdefault\u00bb global_colors_info=\u00bb{}\u00bb][et_pb_button button_url=\u00bbhttps:\/\/prensa.mites.gob.es\/webPrensa\/listado-noticia\/noticia\/4561&#8243; url_new_window=\u00bbon\u00bb button_text=\u00bbLeer m\u00e1s\u00bb button_alignment=\u00bbcenter\u00bb _builder_version=\u00bb4.27.5&#8243; _module_preset=\u00bbdefault\u00bb hover_enabled=\u00bb0&#8243; global_colors_info=\u00bb{}\u00bb sticky_enabled=\u00bb0&#8243;][\/et_pb_button][\/et_pb_column][\/et_pb_row][\/et_pb_section]<\/p>\n","protected":false},"excerpt":{"rendered":"<p>El Consejo de Ministras y Ministros ha aprobado, a propuesta del Ministerio de Trabajo y Econom\u00eda Social, medidas extraordinarias espec\u00edficas para Ceuta para proteger a las personas trabajadoras y el tejido productivo de los efectos de la situaci\u00f3n que se vive en la ciudad aut\u00f3noma desde el 30 de julio.<\/p>\n","protected":false},"author":4,"featured_media":5042,"comment_status":"closed","ping_status":"open","sticky":false,"template":"","format":"standard","meta":{"_et_pb_use_builder":"on","_et_pb_old_content":"","_et_gb_content_width":"","inline_featured_image":false,"_monsterinsights_skip_tracking":false,"_monsterinsights_sitenote_active":false,"_monsterinsights_sitenote_note":"","_monsterinsights_sitenote_category":0,"footnotes":""},"categories":[2],"tags":[],"class_list":["post-5041","post","type-post","status-publish","format-standard","has-post-thumbnail","hentry","category-noticias"],"_links":{"self":[{"href":"https:\/\/aegef.es\/index.php?rest_route=\/wp\/v2\/posts\/5041","targetHints":{"allow":["GET"]}}],"collection":[{"href":"https:\/\/aegef.es\/index.php?rest_route=\/wp\/v2\/posts"}],"about":[{"href":"https:\/\/aegef.es\/index.php?rest_route=\/wp\/v2\/types\/post"}],"author":[{"embeddable":true,"href":"https:\/\/aegef.es\/index.php?rest_route=\/wp\/v2\/users\/4"}],"replies":[{"embeddable":true,"href":"https:\/\/aegef.es\/index.php?rest_route=%2Fwp%2Fv2%2Fcomments&post=5041"}],"version-history":[{"count":2,"href":"https:\/\/aegef.es\/index.php?rest_route=\/wp\/v2\/posts\/5041\/revisions"}],"predecessor-version":[{"id":5044,"href":"https:\/\/aegef.es\/index.php?rest_route=\/wp\/v2\/posts\/5041\/revisions\/5044"}],"wp:featuredmedia":[{"embeddable":true,"href":"https:\/\/aegef.es\/index.php?rest_route=\/wp\/v2\/media\/5042"}],"wp:attachment":[{"href":"https:\/\/aegef.es\/index.php?rest_route=%2Fwp%2Fv2%2Fmedia&parent=5041"}],"wp:term":[{"taxonomy":"category","embeddable":true,"href":"https:\/\/aegef.es\/index.php?rest_route=%2Fwp%2Fv2%2Fcategories&post=5041"},{"taxonomy":"post_tag","embeddable":true,"href":"https:\/\/aegef.es\/index.php?rest_route=%2Fwp%2Fv2%2Ftags&post=5041"}],"curies":[{"name":"wp","href":"https:\/\/api.w.org\/{rel}","templated":true}]}}